[{"@context":"https:\/\/schema.org\/","@type":"Article","@id":"https:\/\/www.santre.cz\/bez-mobilu-ani-ranu\/#Article","mainEntityOfPage":"https:\/\/www.santre.cz\/bez-mobilu-ani-ranu\/","headline":"Bez mobilu ani r\u00e1nu","name":"Bez mobilu ani r\u00e1nu","description":"Kdy\u017e jsem si poprv\u00e9 koupila sv\u016fj mobiln\u00ed telefon, tak jsem v\u016fbec nev\u011bd\u011bla, jak s n\u00edm m\u00e1m zach\u00e1zet. V\u0161echna tla\u010d\u00edtka na m\u011b byla velmi slo\u017eit\u00e1.\u00a0Tedy\u00a0m\u016fj mobiln\u00ed <a href=\"https:\/\/www.santre.cz\/bez-mobilu-ani-ranu\/\" class=\"btn btn-link continue-link\">P\u0159e\u010d\u00edst \u010dl\u00e1nek<\/a>","datePublished":"2022-08-08","dateModified":"2023-04-30","author":{"@type":"Person","@id":"https:\/\/www.santre.cz\/author\/#Person","name":"","url":"https:\/\/www.santre.cz\/author\/","identifier":1,"image":{"@type":"ImageObject","@id":"https:\/\/secure.gravatar.com\/avatar\/6b1978a802e1d2522476d4f1a954a19e989b74ba84b3e15a182efb651cc75097?s=96&d=mm&r=g","url":"https:\/\/secure.gravatar.com\/avatar\/6b1978a802e1d2522476d4f1a954a19e989b74ba84b3e15a182efb651cc75097?s=96&d=mm&r=g","height":96,"width":96}},"publisher":{"@type":"Organization","name":"santre.cz","logo":{"@type":"ImageObject","@id":"\/logo.png","url":"\/logo.png","width":600,"height":60}},"image":{"@type":"ImageObject","@id":"https:\/\/www.santre.cz\/wp-content\/uploads\/girl-4378283_960_720.jpg","url":"https:\/\/www.santre.cz\/wp-content\/uploads\/girl-4378283_960_720.jpg","height":0,"width":0},"url":"https:\/\/www.santre.cz\/bez-mobilu-ani-ranu\/","about":["Mobil"],"wordCount":416,"articleBody":"Kdy\u017e jsem si poprv\u00e9 koupila sv\u016fj mobiln\u00ed telefon, tak jsem v\u016fbec nev\u011bd\u011bla, jak s n\u00edm m\u00e1m zach\u00e1zet. V\u0161echna tla\u010d\u00edtka na m\u011b byla velmi slo\u017eit\u00e1.\u00a0Tedy\u00a0m\u016fj mobiln\u00ed telefon nem\u011bl tla\u010d\u00edtka, takov\u00e1, jak\u00e1 si mysl\u00edte. M\u016fj nov\u00fd prvn\u00ed mobiln\u00ed telefon m\u011bl sice u\u017e dotykov\u00fd displej, ale takov\u00e1 dotykov\u00e1 tla\u010d\u00edtka. Jist\u011b v\u0161ichni v\u00edte, jak to mysl\u00edm. V\u016fbec se nevyzn\u00e1m v technice a v mobilech u\u017e v\u016fbec ne. V\u017edycky jsem m\u011bla za to, \u017ee z mobilu jde pouze jenom volat anebo ps\u00e1t\u00a0sms. A byla jsem taky nav\u00edc r\u00e1da, \u017ee m\u016fj mobiln\u00ed telefon m\u00e1 fotoapar\u00e1t. Jsem toti\u017e v\u00e1\u0161niv\u00e1 fotografka, tak\u017ee jsem si v klidu mohla fotit fotky na mobiln\u00ed telefon. Proto\u017ee si\u00a0vemte, kdy\u017e t\u0159eba jdu na proch\u00e1zku do lesa anebo na louku se sv\u00fdm psem.Je logick\u00e9, \u017ee nepot\u00e1hnu sebou n\u011bjak\u00fd velk\u00fd v drah\u00fd fotoapar\u00e1t, kter\u00fd by se mi t\u0159eba mohl ztratit anebo n\u011bjak rozb\u00edt. A jsem r\u00e1da, \u017ee mobiln\u00ed telefon zast\u00e1v\u00e1 u\u017e plno tolik funkci, \u017ee mi to n\u011bkdy p\u0159ijde, \u017ee mobiln\u00ed telefony jsou jako mal\u00fd p\u0159enosn\u00fd po\u010d\u00edta\u010d. A vy se mo\u017en\u00e1 mi budete sm\u00e1t, ale j\u00e1 to takhle c\u00edt\u00edm. M\u00e1m sice doma po\u010d\u00edta\u010d, ale ne tak dokonal\u00fd, jako t\u0159eba m\u016fj bratr, kter\u00fd m\u00e1 notebook hern\u00ed. M\u00e1 taky po\u010d\u00edta\u010d. Mn\u011b sta\u010d\u00ed mobiln\u00ed telefon, proto\u017ee j\u00e1 jsem takov\u00fd nen\u00e1ro\u010dn\u00fd \u010dlov\u011bk, co se t\u00fd\u010de techniky a dal\u0161\u00edch mobiln\u00edch telefon\u016f. Je\u0161t\u011b si \u0159\u00edk\u00e1m, \u017ee si po\u0159\u00edd\u00edm druh\u00fd mobiln\u00ed telefon, kter\u00fd bude dom\u00e1c\u00ed. Nem\u00e1m toti\u017e r\u00e1da pevnou linku, tak jsem si \u0159ekla, \u017ee budu m\u00edt osobn\u00ed mobiln\u00ed telefon u sebe a potom taky je\u0161t\u011b dom\u00e1c\u00ed mobiln\u00ed telefon, kter\u00fd bude st\u00e1le doma. M\u00e1m toti\u017e moc\u00a0r\u00e1da, kdy\u017e jsme st\u00e1le na p\u0159\u00edjmu.\u00a0Posledn\u00ed\u00a0dobou z mobilu velmi \u010dasto z mobilu vol\u00e1m\u00a0nebo\u00a0z n\u011bj \u010dtu emaily, tak\u017ee m\u016fj mobil je velmi \u010dasto vybit\u00fd. A kdy\u017e\u00a0p\u0159ijdu\u00a0z pr\u00e1ce dom\u016f, tak n\u011bkdy zapomenu d\u00e1t\u00a0telefon\u00a0do nab\u00edje\u010dky. Tak\u017ee se mi\u00a0opravdu\u00a0velmi \u010dasto st\u00e1v\u00e1, \u017ee se\u00a0mi\u00a0n\u011bkdo nedovol\u00e1 a j\u00e1 potom m\u00e1m velk\u00e9 probl\u00e9my v pr\u00e1ci.\u00a0                                                                                                                                                                                                                                                                                                                                                                                        3.7\/5 - (6 votes)        "},{"@context":"https:\/\/schema.org\/","@type":"BreadcrumbList","itemListElement":[{"@type":"ListItem","position":1,"name":"Bez mobilu ani r\u00e1nu","item":"https:\/\/www.santre.cz\/bez-mobilu-ani-ranu\/#breadcrumbitem"}]}]