[{"@context":"https:\/\/schema.org\/","@type":"Article","@id":"https:\/\/www.santre.cz\/dulezity-mobil\/#Article","mainEntityOfPage":"https:\/\/www.santre.cz\/dulezity-mobil\/","headline":"D\u016fle\u017eit\u00fd mobil.","name":"D\u016fle\u017eit\u00fd mobil.","description":"Pamatujete si na sv\u016fj prvn\u00ed mobil? J\u00e1 ano. A mus\u00edm \u0159\u00edct, \u017ee to nebylo nic extra a \u017e\u00e1dn\u00e1 bomba model. \u017d\u00e1dn\u00e1 \u017ehav\u00e1 novinka, jak by <a href=\"https:\/\/www.santre.cz\/dulezity-mobil\/\" class=\"btn btn-link continue-link\">P\u0159e\u010d\u00edst \u010dl\u00e1nek<\/a>","datePublished":"2022-04-22","dateModified":"2023-04-30","author":{"@type":"Person","@id":"https:\/\/www.santre.cz\/author\/#Person","name":"","url":"https:\/\/www.santre.cz\/author\/","identifier":1,"image":{"@type":"ImageObject","@id":"https:\/\/secure.gravatar.com\/avatar\/6b1978a802e1d2522476d4f1a954a19e989b74ba84b3e15a182efb651cc75097?s=96&d=mm&r=g","url":"https:\/\/secure.gravatar.com\/avatar\/6b1978a802e1d2522476d4f1a954a19e989b74ba84b3e15a182efb651cc75097?s=96&d=mm&r=g","height":96,"width":96}},"publisher":{"@type":"Organization","name":"santre.cz","logo":{"@type":"ImageObject","@id":"\/logo.png","url":"\/logo.png","width":600,"height":60}},"image":{"@type":"ImageObject","@id":"https:\/\/www.santre.cz\/wp-content\/uploads\/mobile-phone-gd053b3de9_640_1.jpg","url":"https:\/\/www.santre.cz\/wp-content\/uploads\/mobile-phone-gd053b3de9_640_1.jpg","height":0,"width":0},"url":"https:\/\/www.santre.cz\/dulezity-mobil\/","about":["Mobil"],"wordCount":452,"articleBody":"Pamatujete si na sv\u016fj prvn\u00ed mobil? J\u00e1 ano. A mus\u00edm \u0159\u00edct, \u017ee to nebylo nic extra a \u017e\u00e1dn\u00e1 bomba model. \u017d\u00e1dn\u00e1 \u017ehav\u00e1 novinka, jak by si asi jist\u011b ka\u017ed\u00fd p\u0159\u00e1l. Ten mobil byl absolutn\u00ed \u0161mejd a nel\u00edbil se mi. Jenom\u017ee jsem cht\u011bla b\u00fdt jako ostatn\u00ed kamar\u00e1di a cht\u011bla jsem m\u00edt n\u011bjak\u00fd mobil. A i kdy\u017e se mi mobil v\u016fbec nel\u00edbil ani jsem ho vlastn\u011b nepot\u0159ebovala. Rad\u011bji jsem ho nosila s sebou ven kv\u016fli kamar\u00e1d\u016fm. Nev\u00edm pro\u010d to tak je, ale kdy\u017e jste d\u00edt\u011b anebo dosp\u00edvaj\u00edc\u00ed, tak to nem\u00e1te v\u016fbec lehk\u00e9. Chcete samoz\u0159ejm\u011b pat\u0159\u00ed do n\u011bjak\u00e9 party do n\u011bjak\u00e9 skupiny d\u011bt\u00ed, lid\u00ed. Nicm\u00e9n\u011b ale nen\u00ed to v\u016fbec lehk\u00e9. Kolikr\u00e1t se st\u00e1v\u00e1, \u017ee pokud d\u011bti n\u011bco maj\u00ed a jedno d\u00edt\u011b to nem\u00e1, tak se z toho samotn\u00e9ho d\u00edt\u011bte stane asi n\u011bjak\u00fd vyvrhel nebo outsider.J\u00e1 tohle moc dob\u0159e zn\u00e1m. V\u0161ech \u0161est d\u011bt\u00ed z na\u0161\u00ed ulice m\u011blo mobil jenom j\u00e1 jedin\u00e1 ne a m\u011b to samoz\u0159ejm\u011b moc tr\u00e1pilo. A v\u00edte, jak to bylo hrozn\u00e9 se na d\u011bti d\u00edvat, kdy\u017e si hraj\u00ed s mobilem? J\u00e1 si mysl\u00edm, \u017ee to hrozn\u00e9. A lituji opravdu ty d\u011bti, kter\u00e9 v dne\u0161n\u00ed dob\u011b na tom jsou podobn\u011b jako jsem byla j\u00e1 tehdy.\u00a0 Opravdu to nen\u00ed p\u0159\u00edjemn\u00fd pocit. A tak jsem byla r\u00e1da, kdy\u017e mi rodi\u010de z bazaru po\u0159\u00eddili n\u011bjak\u00fd star\u0161\u00ed mobil. A mobil\u00a0samoz\u0159ejm\u011b\u00a0nebyl nic extra, jak jsem ji\u017e psala, ale m\u011bla jsem mobil a to, \u017ee m\u00e1m mobil, mi absolutn\u011b sta\u010dilo. A taky jsem byla r\u00e1da, kdy\u017e mi mobil n\u011bkdo z kamar\u00e1d\u016f pochv\u00e1lil. A aby toho nebylo m\u00e1lo, tak se stalo opravdu n\u011bco zvl\u00e1\u0161tn\u00edho. Podle kamar\u00e1d\u016f jsem m\u011bla j\u00e1 z t\u00e9 cel\u00e9\u00a0party\u00a0opravdu nejlep\u0161\u00ed mobil. To jako v\u00e1\u017en\u011b a beze srandy? Tak super! J\u00e1 se v tom v\u016fbec nevyzn\u00e1m, tak\u017ee jsem v\u016fbec nev\u011bd\u011bla o co jde, ale byla jsem opravdu velmi r\u00e1da, kdy\u017e jsem m\u011bla nejlep\u0161\u00ed mobil ze v\u0161ech. Sice bylo smutn\u00e9, \u017ee jsem m\u011bla hned v\u00edc kamar\u00e1d\u016f, a to jen d\u00edky mobilu. Ale jako d\u00edt\u011bti mi to moc\u00a0nevadilo,\u00a0pozd\u011bji jsem na to \u00fapln\u011b zapomn\u011bla. V dne\u0161n\u00ed dob\u011b v m\u00e9m v\u011bku by m\u011b to hodn\u011b vadilo.\u00a0Na\u0161t\u011bst\u00ed\u00a0\u010dasy se\u00a0m\u011bn\u00ed\u00a0a u\u017e se\u00a0nehled\u00ed\u00a0jenom na dobr\u00fd mobil.                                                                                                                                                                                                                                                                                                                                                                                        4.3\/5 - (6 votes)        "},{"@context":"https:\/\/schema.org\/","@type":"BreadcrumbList","itemListElement":[{"@type":"ListItem","position":1,"name":"D\u016fle\u017eit\u00fd mobil.","item":"https:\/\/www.santre.cz\/dulezity-mobil\/#breadcrumbitem"}]}]