[{"@context":"https:\/\/schema.org\/","@type":"Article","@id":"https:\/\/www.santre.cz\/jak-dat-o-sobe-vedet\/#Article","mainEntityOfPage":"https:\/\/www.santre.cz\/jak-dat-o-sobe-vedet\/","headline":"Jak d\u00e1t o sob\u011b v\u011bd\u011bt?","name":"Jak d\u00e1t o sob\u011b v\u011bd\u011bt?","description":"V dne\u0161n\u00ed podnikatelsk\u00e9 kultu\u0159e je t\u00e9m\u011b\u0159 nemo\u017en\u00e9 si p\u0159edstavit, \u017ee by \u00fasp\u011b\u0161n\u00e1 firma nev\u011bnovala ur\u010ditou \u010d\u00e1st financ\u00ed na po\u0159\u00edzen\u00ed sebereprezentativn\u00edch p\u0159edm\u011bt\u016f, kter\u00e9 vyu\u017e\u00edv\u00e1 ke sv\u00e9 <a href=\"https:\/\/www.santre.cz\/jak-dat-o-sobe-vedet\/\" class=\"btn btn-link continue-link\">P\u0159e\u010d\u00edst \u010dl\u00e1nek<\/a>","datePublished":"2022-01-08","dateModified":"2023-04-30","author":{"@type":"Person","@id":"https:\/\/www.santre.cz\/author\/#Person","name":"","url":"https:\/\/www.santre.cz\/author\/","identifier":1,"image":{"@type":"ImageObject","@id":"https:\/\/secure.gravatar.com\/avatar\/6b1978a802e1d2522476d4f1a954a19e989b74ba84b3e15a182efb651cc75097?s=96&d=mm&r=g","url":"https:\/\/secure.gravatar.com\/avatar\/6b1978a802e1d2522476d4f1a954a19e989b74ba84b3e15a182efb651cc75097?s=96&d=mm&r=g","height":96,"width":96}},"publisher":{"@type":"Organization","name":"santre.cz","logo":{"@type":"ImageObject","@id":"\/logo.png","url":"\/logo.png","width":600,"height":60}},"image":{"@type":"ImageObject","@id":"https:\/\/www.santre.cz\/wp-content\/uploads\/kuli%C4%8Dkov%C3%A9%20pero.png","url":"https:\/\/www.santre.cz\/wp-content\/uploads\/kuli%C4%8Dkov%C3%A9%20pero.png","height":0,"width":0},"url":"https:\/\/www.santre.cz\/jak-dat-o-sobe-vedet\/","about":["Produkty"],"wordCount":424,"articleBody":"   V dne\u0161n\u00ed podnikatelsk\u00e9 kultu\u0159e je t\u00e9m\u011b\u0159 nemo\u017en\u00e9 si p\u0159edstavit, \u017ee by \u00fasp\u011b\u0161n\u00e1 firma nev\u011bnovala ur\u010ditou \u010d\u00e1st financ\u00ed na po\u0159\u00edzen\u00ed sebereprezentativn\u00edch p\u0159edm\u011bt\u016f, kter\u00e9 vyu\u017e\u00edv\u00e1 ke sv\u00e9 propagaci na r\u016fzn\u00fdch v\u00fdstav\u00e1ch a veletrz\u00edch, nebo i p\u0159i b\u011b\u017en\u00e9m obchodn\u00edm jedn\u00e1n\u00ed se sv\u00fdmi obchodn\u00edmi partnery. Ano, mysl\u00edm t\u00edm hlavn\u011b drobn\u00e9 reklamn\u00ed p\u0159edm\u011bty. Dnes existuje cel\u00e1 \u0159ada v\u00fdrobc\u016f specializuj\u00edc\u00ed se na jejich v\u00fdrobu. Ostatn\u00ed reklamn\u00ed p\u0159edm\u011bty z jejich \u0161irok\u00e9ho, ba p\u0159\u00edmo nep\u0159ebern\u00e9ho, sortimentu vznik\u00e1 jako vedlej\u0161\u00ed produkt b\u011b\u017en\u00e9 s\u00e9riov\u00e9 v\u00fdroby. Celkov\u011b je jejich nab\u00eddka tak \u0161irok\u00e1, \u017ee si ty sv\u00e9 najde ka\u017ed\u00fd z\u00e1kazn\u00edk. S ohledem na cenu, ur\u010den\u00ed i na jejich zam\u011b\u0159en\u00ed.I reklamn\u00ed p\u0159edm\u011bty Promodarky jsou v \u0161irok\u00e9 nab\u00eddce. M\u00e1me je se\u0159azeny v kategori\u00edch podle jejich zam\u011b\u0159en\u00ed. V ka\u017ed\u00e9 t\u00e9to kategorii pak existuj\u00ed dal\u0161\u00ed podkategorie, kter\u00e9 specifikuji kone\u010dn\u00e9 ur\u010den\u00ed. Nab\u00edz\u00edme reklamn\u00ed p\u0159edm\u011bty od reklamn\u00edch propisek a tu\u017eek, d\u00e1le klasick\u00e9 kancel\u00e1\u0159sk\u00e9 pot\u0159eby jako notesy, bloky, di\u00e1\u0159e. Tak\u00e9 v na\u0161em sortimentu naleznete hezk\u00e9 hrn\u00ed\u010dky, \u0161\u00e1lky a sklenice. A na cestu nejen do pr\u00e1ce si m\u016f\u017eete pro sv\u00e9 obchodn\u00ed partnery po\u0159\u00eddit reklamn\u00ed bat\u016f\u017eky, batohy a sportovn\u00ed ta\u0161ky. V dal\u0161\u00edch kategori\u00edch najdete nap\u0159\u00edklad de\u0161tn\u00edky, kosmetiku, drobn\u00e9 n\u00e1\u0159ad\u00ed v\u010detn\u011b zav\u00edrac\u00edch no\u017e\u016f. M\u00e1me i drobnou elektroniku jako t\u0159eba powerbanky. A nezapom\u00edn\u00e1me ani na d\u011bti na\u0161ich z\u00e1kazn\u00edk\u016f a na tr\u00e1ven\u00ed spole\u010dn\u00e9ho voln\u00e9ho \u010dasu.P\u0159edm\u011bty ve v\u0161ech na\u0161ich kategori\u00edch \u0161irok\u00e9ho sortimentu je mo\u017eno graficky ozna\u010dit \u00fadaji o va\u0161\u00ed firm\u011b. Logo by asi nem\u011blo chyb\u011bt a mysl\u00edme si, \u017ee je vhodn\u00e9 rovn\u011b\u017e uv\u00e9st alespo\u0148 webovou adresu. Mo\u017en\u00e1 je t\u00e9m\u011b\u0159 jak\u00e1koliv grafika ve v\u0161ech barv\u00e1ch. Grafick\u00e9 \u00fapravy jsou na t\u011bchto p\u0159edm\u011btech vytvo\u0159eny r\u016fzn\u00fdmi druhy potisk\u016f, n\u00e1lepkami, vy\u0161\u00edv\u00e1n\u00edm \u010di slo\u017eit\u011bj\u0161\u00edmi technikami jako je nap\u0159\u00edklad grav\u00edrov\u00e1n\u00ed a lept\u00e1n\u00ed. Je jen na na\u0161em z\u00e1kazn\u00edkovi, \u010demu d\u00e1 p\u0159ednost. Pracovn\u00edci na\u0161eho obchodn\u00edho odd\u011blen\u00ed jsou mu p\u0159ipraveni vyj\u00edt maxim\u00e1ln\u011b vst\u0159\u00edc.                                                                                                                                                                                                                                                                                                                                                                                          3.7\/5 - (10 votes)        "},{"@context":"https:\/\/schema.org\/","@type":"BreadcrumbList","itemListElement":[{"@type":"ListItem","position":1,"name":"Jak d\u00e1t o sob\u011b v\u011bd\u011bt?","item":"https:\/\/www.santre.cz\/jak-dat-o-sobe-vedet\/#breadcrumbitem"}]}]