[{"@context":"https:\/\/schema.org\/","@type":"Blog","@id":"https:\/\/www.santre.cz#Blog","headline":"Santre","description":"\nKa\u017ed\u00fd web m\u00e1 sv\u00e9 p\u0159ednosti i sv\u00e9 nedostatky. Ur\u010dit\u011b i ten n\u00e1\u0161. Ale u n\u00e1s se sna\u017e\u00edme, aby to dobr\u00e9 v\u017edy a za v\u0161ech okolnost\u00ed p\u0159eva\u017eovalo. Ve va\u0161em z\u00e1jmu.","url":"https:\/\/www.santre.cz","hasPart":[{"@type":"Article","@id":"https:\/\/www.santre.cz\/hezke-vztahy\/","headline":"Hezk\u00e9 vztahy","url":"https:\/\/www.santre.cz\/hezke-vztahy\/","datePublished":"2024-02-28","dateModified":"2024-02-28","mainEntityOfPage":"https:\/\/www.santre.cz\/hezke-vztahy\/","author":{"@type":"Person","@id":"https:\/\/www.santre.cz\/author\/#Person","name":"","url":"https:\/\/www.santre.cz\/author\/","identifier":1,"image":{"@type":"ImageObject","@id":"https:\/\/secure.gravatar.com\/avatar\/6b1978a802e1d2522476d4f1a954a19e989b74ba84b3e15a182efb651cc75097?s=96&d=mm&r=g","url":"https:\/\/secure.gravatar.com\/avatar\/6b1978a802e1d2522476d4f1a954a19e989b74ba84b3e15a182efb651cc75097?s=96&d=mm&r=g","height":96,"width":96}},"publisher":{"@type":"Organization","name":"santre.cz","logo":{"@type":"ImageObject","@id":"\/logo.png","url":"\/logo.png","width":600,"height":60}},"image":{"@type":"ImageObject","@id":"https:\/\/www.santre.cz\/wp-content\/uploads\/father-3871837_1280.jpg","url":"https:\/\/www.santre.cz\/wp-content\/uploads\/father-3871837_1280.jpg","height":0,"width":0},"wordCount":594,"keywords":null},{"@type":"Article","@id":"https:\/\/www.santre.cz\/nemate-penize-na-nove-auto\/","headline":"Nem\u00e1te pen\u00edze na nov\u00e9 auto?","url":"https:\/\/www.santre.cz\/nemate-penize-na-nove-auto\/","datePublished":"2024-01-19","dateModified":"2024-02-27","mainEntityOfPage":"https:\/\/www.santre.cz\/nemate-penize-na-nove-auto\/","author":{"@type":"Person","@id":"https:\/\/www.santre.cz\/author\/#Person","name":"","url":"https:\/\/www.santre.cz\/author\/","identifier":1,"image":{"@type":"ImageObject","@id":"https:\/\/secure.gravatar.com\/avatar\/6b1978a802e1d2522476d4f1a954a19e989b74ba84b3e15a182efb651cc75097?s=96&d=mm&r=g","url":"https:\/\/secure.gravatar.com\/avatar\/6b1978a802e1d2522476d4f1a954a19e989b74ba84b3e15a182efb651cc75097?s=96&d=mm&r=g","height":96,"width":96}},"publisher":{"@type":"Organization","name":"santre.cz","logo":{"@type":"ImageObject","@id":"\/logo.png","url":"\/logo.png","width":600,"height":60}},"image":{"@type":"ImageObject","@id":"https:\/\/www.santre.cz\/wp-content\/uploads\/car-3321014_640_10_10_10_1.jpg","url":"https:\/\/www.santre.cz\/wp-content\/uploads\/car-3321014_640_10_10_10_1.jpg","height":0,"width":0},"wordCount":544,"keywords":null},{"@type":"Article","@id":"https:\/\/www.santre.cz\/predchazime-zbytecnym-amputacim-u-diabetiku\/","headline":"P\u0159edch\u00e1z\u00edme zbyte\u010dn\u00fdm amputac\u00edm u diabetik\u016f","url":"https:\/\/www.santre.cz\/predchazime-zbytecnym-amputacim-u-diabetiku\/","datePublished":"2024-01-01","dateModified":"2024-01-01","mainEntityOfPage":"https:\/\/www.santre.cz\/predchazime-zbytecnym-amputacim-u-diabetiku\/","author":{"@type":"Person","@id":"https:\/\/www.santre.cz\/author\/#Person","name":"","url":"https:\/\/www.santre.cz\/author\/","identifier":1,"image":{"@type":"ImageObject","@id":"https:\/\/secure.gravatar.com\/avatar\/6b1978a802e1d2522476d4f1a954a19e989b74ba84b3e15a182efb651cc75097?s=96&d=mm&r=g","url":"https:\/\/secure.gravatar.com\/avatar\/6b1978a802e1d2522476d4f1a954a19e989b74ba84b3e15a182efb651cc75097?s=96&d=mm&r=g","height":96,"width":96}},"publisher":{"@type":"Organization","name":"santre.cz","logo":{"@type":"ImageObject","@id":"\/logo.png","url":"\/logo.png","width":600,"height":60}},"image":null,"wordCount":279,"keywords":null},{"@type":"Article","@id":"https:\/\/www.santre.cz\/salvej-bylinka-pro-vas\/","headline":"\u0160alv\u011bj bylinka pro V\u00e1s","url":"https:\/\/www.santre.cz\/salvej-bylinka-pro-vas\/","datePublished":"2023-11-25","dateModified":"2023-11-25","mainEntityOfPage":"https:\/\/www.santre.cz\/salvej-bylinka-pro-vas\/","author":{"@type":"Person","@id":"https:\/\/www.santre.cz\/author\/#Person","name":"","url":"https:\/\/www.santre.cz\/author\/","identifier":1,"image":{"@type":"ImageObject","@id":"https:\/\/secure.gravatar.com\/avatar\/6b1978a802e1d2522476d4f1a954a19e989b74ba84b3e15a182efb651cc75097?s=96&d=mm&r=g","url":"https:\/\/secure.gravatar.com\/avatar\/6b1978a802e1d2522476d4f1a954a19e989b74ba84b3e15a182efb651cc75097?s=96&d=mm&r=g","height":96,"width":96}},"publisher":{"@type":"Organization","name":"santre.cz","logo":{"@type":"ImageObject","@id":"\/logo.png","url":"\/logo.png","width":600,"height":60}},"image":null,"wordCount":309,"keywords":null},{"@type":"Article","@id":"https:\/\/www.santre.cz\/pouzdra-na-dioptricke-bryle-pro-vsedni-dny-i-slavnostni-chvile\/","headline":"Pouzdra na dioptrick\u00e9 br\u00fdle pro v\u0161edn\u00ed dny i slavnostn\u00ed chv\u00edle","url":"https:\/\/www.santre.cz\/pouzdra-na-dioptricke-bryle-pro-vsedni-dny-i-slavnostni-chvile\/","datePublished":"2023-11-21","dateModified":"2024-04-02","mainEntityOfPage":"https:\/\/www.santre.cz\/pouzdra-na-dioptricke-bryle-pro-vsedni-dny-i-slavnostni-chvile\/","author":{"@type":"Person","@id":"https:\/\/www.santre.cz\/author\/#Person","name":"","url":"https:\/\/www.santre.cz\/author\/","identifier":1,"image":{"@type":"ImageObject","@id":"https:\/\/secure.gravatar.com\/avatar\/6b1978a802e1d2522476d4f1a954a19e989b74ba84b3e15a182efb651cc75097?s=96&d=mm&r=g","url":"https:\/\/secure.gravatar.com\/avatar\/6b1978a802e1d2522476d4f1a954a19e989b74ba84b3e15a182efb651cc75097?s=96&d=mm&r=g","height":96,"width":96}},"publisher":{"@type":"Organization","name":"santre.cz","logo":{"@type":"ImageObject","@id":"\/logo.png","url":"\/logo.png","width":600,"height":60}},"image":{"@type":"ImageObject","@id":"https:\/\/www.santre.cz\/wp-content\/uploads\/glasses-3965545_640_2.jpg","url":"https:\/\/www.santre.cz\/wp-content\/uploads\/glasses-3965545_640_2.jpg","height":0,"width":0},"wordCount":555,"keywords":null},{"@type":"Article","@id":"https:\/\/www.santre.cz\/objevte-krasna-zakouti-republiky\/","headline":"Objevte kr\u00e1sn\u00e1 z\u00e1kout\u00ed republiky","url":"https:\/\/www.santre.cz\/objevte-krasna-zakouti-republiky\/","datePublished":"2023-10-18","dateModified":"2023-10-18","mainEntityOfPage":"https:\/\/www.santre.cz\/objevte-krasna-zakouti-republiky\/","author":{"@type":"Person","@id":"https:\/\/www.santre.cz\/author\/#Person","name":"","url":"https:\/\/www.santre.cz\/author\/","identifier":1,"image":{"@type":"ImageObject","@id":"https:\/\/secure.gravatar.com\/avatar\/6b1978a802e1d2522476d4f1a954a19e989b74ba84b3e15a182efb651cc75097?s=96&d=mm&r=g","url":"https:\/\/secure.gravatar.com\/avatar\/6b1978a802e1d2522476d4f1a954a19e989b74ba84b3e15a182efb651cc75097?s=96&d=mm&r=g","height":96,"width":96}},"publisher":{"@type":"Organization","name":"santre.cz","logo":{"@type":"ImageObject","@id":"\/logo.png","url":"\/logo.png","width":600,"height":60}},"image":null,"wordCount":279,"keywords":null},{"@type":"Article","@id":"https:\/\/www.santre.cz\/letni-osvezeni\/","headline":"Letn\u00ed osv\u011b\u017een\u00ed","url":"https:\/\/www.santre.cz\/letni-osvezeni\/","datePublished":"2023-10-13","dateModified":"2023-10-13","mainEntityOfPage":"https:\/\/www.santre.cz\/letni-osvezeni\/","author":{"@type":"Person","@id":"https:\/\/www.santre.cz\/author\/#Person","name":"","url":"https:\/\/www.santre.cz\/author\/","identifier":1,"image":{"@type":"ImageObject","@id":"https:\/\/secure.gravatar.com\/avatar\/6b1978a802e1d2522476d4f1a954a19e989b74ba84b3e15a182efb651cc75097?s=96&d=mm&r=g","url":"https:\/\/secure.gravatar.com\/avatar\/6b1978a802e1d2522476d4f1a954a19e989b74ba84b3e15a182efb651cc75097?s=96&d=mm&r=g","height":96,"width":96}},"publisher":{"@type":"Organization","name":"santre.cz","logo":{"@type":"ImageObject","@id":"\/logo.png","url":"\/logo.png","width":600,"height":60}},"image":{"@type":"ImageObject","@id":"https:\/\/www.santre.cz\/wp-content\/uploads\/diving-72227_640.jpg","url":"https:\/\/www.santre.cz\/wp-content\/uploads\/diving-72227_640.jpg","height":0,"width":0},"wordCount":673,"keywords":null},{"@type":"Article","@id":"https:\/\/www.santre.cz\/udrzujte-testosteron-na-prijatelne-hladine\/","headline":"Udr\u017eujte testosteron na p\u0159ijateln\u00e9 hladin\u011b","url":"https:\/\/www.santre.cz\/udrzujte-testosteron-na-prijatelne-hladine\/","datePublished":"2023-10-13","dateModified":"2023-11-20","mainEntityOfPage":"https:\/\/www.santre.cz\/udrzujte-testosteron-na-prijatelne-hladine\/","author":{"@type":"Person","@id":"https:\/\/www.santre.cz\/author\/#Person","name":"","url":"https:\/\/www.santre.cz\/author\/","identifier":1,"image":{"@type":"ImageObject","@id":"https:\/\/secure.gravatar.com\/avatar\/6b1978a802e1d2522476d4f1a954a19e989b74ba84b3e15a182efb651cc75097?s=96&d=mm&r=g","url":"https:\/\/secure.gravatar.com\/avatar\/6b1978a802e1d2522476d4f1a954a19e989b74ba84b3e15a182efb651cc75097?s=96&d=mm&r=g","height":96,"width":96}},"publisher":{"@type":"Organization","name":"santre.cz","logo":{"@type":"ImageObject","@id":"\/logo.png","url":"\/logo.png","width":600,"height":60}},"image":{"@type":"ImageObject","@id":"https:\/\/www.santre.cz\/wp-content\/uploads\/man-428392_640_5.jpg","url":"https:\/\/www.santre.cz\/wp-content\/uploads\/man-428392_640_5.jpg","height":0,"width":0},"wordCount":606,"keywords":null},{"@type":"Article","@id":"https:\/\/www.santre.cz\/kdy-je-vhodna-doba-pro-porizeni-pocitace-nebo-mobilu-pro-dite-jde-o-vhodny-darek-treba-k-vanocum\/","headline":"Kdy je vhodn\u00e1 doba pro po\u0159\u00edzen\u00ed po\u010d\u00edta\u010de nebo mobilu pro d\u00edt\u011b? Jde o vhodn\u00fd d\u00e1rek t\u0159eba k V\u00e1noc\u016fm?","url":"https:\/\/www.santre.cz\/kdy-je-vhodna-doba-pro-porizeni-pocitace-nebo-mobilu-pro-dite-jde-o-vhodny-darek-treba-k-vanocum\/","datePublished":"2023-10-06","dateModified":"2023-10-06","mainEntityOfPage":"https:\/\/www.santre.cz\/kdy-je-vhodna-doba-pro-porizeni-pocitace-nebo-mobilu-pro-dite-jde-o-vhodny-darek-treba-k-vanocum\/","author":{"@type":"Person","@id":"https:\/\/www.santre.cz\/author\/#Person","name":"","url":"https:\/\/www.santre.cz\/author\/","identifier":1,"image":{"@type":"ImageObject","@id":"https:\/\/secure.gravatar.com\/avatar\/6b1978a802e1d2522476d4f1a954a19e989b74ba84b3e15a182efb651cc75097?s=96&d=mm&r=g","url":"https:\/\/secure.gravatar.com\/avatar\/6b1978a802e1d2522476d4f1a954a19e989b74ba84b3e15a182efb651cc75097?s=96&d=mm&r=g","height":96,"width":96}},"publisher":{"@type":"Organization","name":"santre.cz","logo":{"@type":"ImageObject","@id":"\/logo.png","url":"\/logo.png","width":600,"height":60}},"image":{"@type":"ImageObject","@id":"https:\/\/www.santre.cz\/wp-content\/uploads\/pexels-photo-2874782.jpeg","url":"https:\/\/www.santre.cz\/wp-content\/uploads\/pexels-photo-2874782.jpeg","height":0,"width":0},"wordCount":653,"keywords":null},{"@type":"Article","@id":"https:\/\/www.santre.cz\/pomoc-z-moravy\/","headline":"Pomoc z Moravy","url":"https:\/\/www.santre.cz\/pomoc-z-moravy\/","datePublished":"2023-09-09","dateModified":"2023-09-09","mainEntityOfPage":"https:\/\/www.santre.cz\/pomoc-z-moravy\/","author":{"@type":"Person","@id":"https:\/\/www.santre.cz\/author\/#Person","name":"","url":"https:\/\/www.santre.cz\/author\/","identifier":1,"image":{"@type":"ImageObject","@id":"https:\/\/secure.gravatar.com\/avatar\/6b1978a802e1d2522476d4f1a954a19e989b74ba84b3e15a182efb651cc75097?s=96&d=mm&r=g","url":"https:\/\/secure.gravatar.com\/avatar\/6b1978a802e1d2522476d4f1a954a19e989b74ba84b3e15a182efb651cc75097?s=96&d=mm&r=g","height":96,"width":96}},"publisher":{"@type":"Organization","name":"santre.cz","logo":{"@type":"ImageObject","@id":"\/logo.png","url":"\/logo.png","width":600,"height":60}},"image":null,"wordCount":328,"keywords":null}]},{"@context":"https:\/\/schema.org","@type":"WebSite","@id":"https:\/\/www.santre.cz\/#website","name":"Santre","url":"https:\/\/www.santre.cz","potentialAction":{"@type":"SearchAction","target":"https:\/\/www.santre.cz\/?s={search_term_string}","query-input":"required name=search_term_string"}}]